{"id":188,"date":"2025-02-10T02:08:50","date_gmt":"2025-02-10T02:08:50","guid":{"rendered":"https:\/\/steveprudhomme.org\/?p=188"},"modified":"2025-02-10T02:10:11","modified_gmt":"2025-02-10T02:10:11","slug":"herge-la-lune-et-la-quete-du-detail-absolu","status":"publish","type":"post","link":"https:\/\/steveprudhomme.org\/index.php\/2025\/02\/10\/herge-la-lune-et-la-quete-du-detail-absolu\/","title":{"rendered":"Herg\u00e9, La Lune et la qu\u00eate du d\u00e9tail absolu"},"content":{"rendered":"\n<h3 class=\"wp-block-heading\">Introduction<\/h3>\n\n\n\n<p>La Lune fascine l\u2019humanit\u00e9 depuis toujours. Dans la culture populaire, peu d\u2019\u0153uvres ont marqu\u00e9 l\u2019imaginaire collectif autant qu\u2019<em>Objectif Lune<\/em> et <em>On a march\u00e9 sur la Lune<\/em>, les deux albums de la s\u00e9rie <em>Les Aventures de Tintin<\/em> publi\u00e9s dans les ann\u00e9es 1950. \u00c0 travers le documentaire <em>Herg\u00e9, La Lune, un fou de pr\u00e9cision!<\/em> de G\u00e9rard Coute, une analyse approfondie r\u00e9v\u00e8le \u00e0 quel point l\u2019auteur belge Georges R\u00e9mi, alias Herg\u00e9, s\u2019est attach\u00e9 \u00e0 la pr\u00e9cision scientifique pour illustrer cette aventure spatiale. Ce reportage met en lumi\u00e8re le travail minutieux derri\u00e8re la cr\u00e9ation de ces albums et leur lien \u00e9troit avec les connaissances astronomiques de l\u2019\u00e9poque.<\/p>\n\n\n\n<h3 class=\"wp-block-heading\">Herg\u00e9, un Obs\u00e9d\u00e9 du D\u00e9tail<\/h3>\n\n\n\n<p>G\u00e9rard Coute, ancien pr\u00e9sident du club des Astronomes Amateurs d\u2019Auvergne, d\u00e9montre dans son intervention comment Herg\u00e9 a accumul\u00e9 une documentation scientifique impressionnante pour concevoir son \u00e9pop\u00e9e lunaire. Selon lui, <em>Objectif Lune<\/em> et <em>On a march\u00e9 sur la Lune<\/em> sont corrects \u00e0 98 %, une prouesse remarquable pour une bande dessin\u00e9e cr\u00e9\u00e9e avant m\u00eame que l\u2019homme ne pose le pied sur la Lune en 1969.<\/p>\n\n\n\n<p>L\u2019auteur s\u2019est inspir\u00e9 d\u2019institutions scientifiques comme l\u2019Observatoire Royal de Belgique et a \u00e9tudi\u00e9 des technologies \u00e9mergentes pour donner \u00e0 ses albums un r\u00e9alisme frappant. Par exemple, la fus\u00e9e rouge et blanche embl\u00e9matique est directement inspir\u00e9e des fus\u00e9es V2 d\u00e9velopp\u00e9es par l\u2019ing\u00e9nieur allemand Wernher von Braun, anc\u00eatre des fus\u00e9es qui emm\u00e8neront plus tard les astronautes d\u2019Apollo vers la Lune.<\/p>\n\n\n\n<h3 class=\"wp-block-heading\">Une fid\u00e9lit\u00e9 scientifique remarquable<\/h3>\n\n\n\n<p>Le documentaire met en \u00e9vidence plusieurs \u00e9l\u00e9ments o\u00f9 Herg\u00e9 a d\u00e9montr\u00e9 une rigueur scientifique exceptionnelle. Il a notamment pris en compte :<\/p>\n\n\n\n<ul class=\"wp-block-list\">\n<li><strong>La topographie lunaire<\/strong> : Herg\u00e9 a utilis\u00e9 des images de la surface lunaire et a su positionner ses personnages dans des zones r\u00e9alistes comme la mer de la Tranquillit\u00e9.<\/li>\n\n\n\n<li><strong>La pesanteur lunaire<\/strong> : Dans l\u2019album, les sauts des personnages sont conformes \u00e0 la gravit\u00e9 r\u00e9duite de la Lune.<\/li>\n\n\n\n<li><strong>Les phases lunaires et la position de la Terre<\/strong> : Malgr\u00e9 quelques erreurs mineures, Herg\u00e9 a su repr\u00e9senter la Terre dans le ciel lunaire avec une grande justesse.<\/li>\n\n\n\n<li><strong>L\u2019architecture du centre spatial<\/strong> : Il est directement inspir\u00e9 du centre de recherches de Peenem\u00fcnde en Allemagne.<\/li>\n<\/ul>\n\n\n\n<h3 class=\"wp-block-heading\">Quelques libert\u00e9s artistiques<\/h3>\n\n\n\n<p>Bien que la pr\u00e9cision soit impressionnante, certains \u00e9l\u00e9ments restent des approximations ou des extrapolations :<\/p>\n\n\n\n<ul class=\"wp-block-list\">\n<li><strong>La vitesse du voyage<\/strong> : La fus\u00e9e de Tournesol atteint la Lune en seulement quelques heures, bien plus rapide que les trois jours requis par Apollo 11.<\/li>\n\n\n\n<li><strong>L\u2019ordinateur de bord<\/strong> : Il est inspir\u00e9 des premiers calculateurs IBM, mais reste un dispositif simplifi\u00e9.<\/li>\n\n\n\n<li><strong>La g\u00e9ologie lunaire<\/strong> : Certaines structures, comme les stalactites et stalagmites observ\u00e9es dans une grotte, sont aujourd\u2019hui jug\u00e9es peu probables.<\/li>\n<\/ul>\n\n\n\n<h3 class=\"wp-block-heading\">Herg\u00e9, un pr\u00e9curseur visionnaire<\/h3>\n\n\n\n<p>Ce souci du d\u00e9tail a permis \u00e0 Herg\u00e9 d\u2019\u00eatre un v\u00e9ritable visionnaire. Avant m\u00eame que l\u2019homme ne pose le pied sur la Lune, il avait d\u00e9j\u00e0 anticip\u00e9 plusieurs \u00e9l\u00e9ments cruciaux des missions spatiales :<\/p>\n\n\n\n<ul class=\"wp-block-list\">\n<li>La fus\u00e9e \u00e0 \u00e9tage r\u00e9utilisable, concept qui rappelle aujourd\u2019hui les lanceurs de SpaceX.<\/li>\n\n\n\n<li>L\u2019impact de la gravit\u00e9 r\u00e9duite sur le mouvement des astronautes.<\/li>\n\n\n\n<li>L\u2019organisation et la logistique d\u2019une mission lunaire.<\/li>\n<\/ul>\n\n\n\n<h3 class=\"wp-block-heading\">Conclusion<\/h3>\n\n\n\n<p>\u00c0 travers <em>Herg\u00e9, La Lune, un fou de pr\u00e9cision!<\/em>, G\u00e9rard Coute rappelle \u00e0 quel point <em>Objectif Lune<\/em> et <em>On a march\u00e9 sur la Lune<\/em> sont bien plus que de simples bandes dessin\u00e9es : ce sont des t\u00e9moignages de l\u2019esprit visionnaire de leur auteur. Par sa rigueur et sa passion du d\u00e9tail, Herg\u00e9 a su transmettre aux lecteurs une aventure \u00e0 la fois captivante et scientifiquement cr\u00e9dible. Ce travail remarquable continue d\u2019inspirer aussi bien les amateurs d\u2019astronomie que les passionn\u00e9s de bande dessin\u00e9e.<\/p>\n\n\n\n<hr class=\"wp-block-separator has-alpha-channel-opacity\"\/>\n\n\n\n<p><em>Sources :<\/em><\/p>\n\n\n\n<ul class=\"wp-block-list\">\n<li><em>Herg\u00e9, La Lune, un fou de pr\u00e9cision!<\/em> \u2013 G\u00e9rard Coute<\/li>\n\n\n\n<li><em>Les Aventures de Tintin<\/em> \u2013 Herg\u00e9<\/li>\n\n\n\n<li>Archives de l\u2019Observatoire Royal de Belgique<\/li>\n<\/ul>\n\n\n\n<p><\/p>\n","protected":false},"excerpt":{"rendered":"<p>Introduction La Lune fascine l\u2019humanit\u00e9 depuis toujours. Dans la culture populaire, peu d\u2019\u0153uvres ont marqu\u00e9 l\u2019imaginaire collectif autant qu\u2019Objectif Lune et On a march\u00e9 sur la Lune, les deux albums de la s\u00e9rie Les Aventures de Tintin publi\u00e9s dans les ann\u00e9es 1950. \u00c0 travers le documentaire Herg\u00e9, La Lune, un fou de pr\u00e9cision! de G\u00e9rard [&hellip;]<\/p>\n","protected":false},"author":1,"featured_media":189,"comment_status":"open","ping_status":"closed","sticky":false,"template":"","format":"standard","meta":{"ngg_post_thumbnail":0,"footnotes":""},"categories":[481,482,483,493,528,529,530,204],"tags":[540,66,531,552,539,544,547,121,542,548,537,551,533,116,534,532,538,545,543,541,549,546,302,536,535,316,550],"class_list":["post-188","post","type-post","status-publish","format-standard","has-post-thumbnail","hentry","category-500-sciences-naturelles-et-mathematiques","category-520-astronomie-et-sciences-connexes","category-523-objets-astronomiques-et-astrophysique","category-523-3-planetes-et-satellites","category-740-arts-graphiques-et-des-arts-decoratifs","category-741-dessin-est-illustration","category-741-5-bandes-dessinees-comics-et-manga","category-arts-et-loisirs","tag-apollo-11","tag-astronomie","tag-bande-dessinee","tag-colonisation-lunaire","tag-conquete-de-la-lune","tag-critique-bd","tag-documentaire","tag-exploration-spatiale","tag-fusee","tag-gerard-coute","tag-herge","tag-histoire-de-la-bd","tag-mission-lunaire","tag-nasa","tag-objectif-lune","tag-observatoire","tag-on-a-marche-sur-la-lune","tag-peenemunde","tag-pesanteur","tag-precision-scientifique","tag-science-et-bande-dessinee","tag-science-fiction","tag-spacex","tag-tintin","tag-topographie-lunaire","tag-visionnaire","tag-wernher-von-braun"],"_links":{"self":[{"href":"https:\/\/steveprudhomme.org\/index.php\/wp-json\/wp\/v2\/posts\/188","targetHints":{"allow":["GET"]}}],"collection":[{"href":"https:\/\/steveprudhomme.org\/index.php\/wp-json\/wp\/v2\/posts"}],"about":[{"href":"https:\/\/steveprudhomme.org\/index.php\/wp-json\/wp\/v2\/types\/post"}],"author":[{"embeddable":true,"href":"https:\/\/steveprudhomme.org\/index.php\/wp-json\/wp\/v2\/users\/1"}],"replies":[{"embeddable":true,"href":"https:\/\/steveprudhomme.org\/index.php\/wp-json\/wp\/v2\/comments?post=188"}],"version-history":[{"count":1,"href":"https:\/\/steveprudhomme.org\/index.php\/wp-json\/wp\/v2\/posts\/188\/revisions"}],"predecessor-version":[{"id":190,"href":"https:\/\/steveprudhomme.org\/index.php\/wp-json\/wp\/v2\/posts\/188\/revisions\/190"}],"wp:featuredmedia":[{"embeddable":true,"href":"https:\/\/steveprudhomme.org\/index.php\/wp-json\/wp\/v2\/media\/189"}],"wp:attachment":[{"href":"https:\/\/steveprudhomme.org\/index.php\/wp-json\/wp\/v2\/media?parent=188"}],"wp:term":[{"taxonomy":"category","embeddable":true,"href":"https:\/\/steveprudhomme.org\/index.php\/wp-json\/wp\/v2\/categories?post=188"},{"taxonomy":"post_tag","embeddable":true,"href":"https:\/\/steveprudhomme.org\/index.php\/wp-json\/wp\/v2\/tags?post=188"}],"curies":[{"name":"wp","href":"https:\/\/api.w.org\/{rel}","templated":true}]}}